{"id":904,"date":"2016-06-03T00:00:00","date_gmt":"2016-06-03T00:00:00","guid":{"rendered":"https:\/\/isfd16-bue.infd.edu.ar\/sitio\/inscripcion-tramo-de-formacion-pedagogica\/"},"modified":"2016-06-03T00:00:00","modified_gmt":"2016-06-03T00:00:00","slug":"inscripcion-tramo-de-formacion-pedagogica","status":"publish","type":"post","link":"https:\/\/isfd16-bue.infd.edu.ar\/sitio\/inscripcion-tramo-de-formacion-pedagogica\/","title":{"rendered":"Inscripci\u00f3n Tramo de Formaci\u00f3n Pedag\u00f3gica"},"content":{"rendered":"<p class=\"sitio_noticia_volanta\" >\n<h3>Inscripci\u00f3n Tramo de Formaci\u00f3n Pedag\u00f3gica <\/h3>\n<p class=\"sitio_noticia_copete\" >\n<hr class=\"sitio_noticia_contenido\" \/>\n<p >\n<p><span style=\"font-size: 12pt; font-family: verdana, geneva;\">Se informa que a partir del lunes 6 de junio al viernes 17 de junio se encontrara abierta la inscripci&oacute;n para el Tramo de Formaci&oacute;n Pedag&oacute;gica para el nivel Medio en el I.S.F.D. N&deg;16 \u00abJuana Paula Manso\u00bb de lunes a viernes de 8:00 a 12:00 hs.<\/span><\/p>\n<div><\/p>\n<div><span style=\"font-size: 12pt; font-family: verdana, geneva;\">Requisitos para la inscripci&oacute;n:<\/span><\/div>\n<div>\n<ul>\n<li><span style=\"font-size: 12pt; font-family: verdana, geneva;\">Poseer Titulo Medio, T&eacute;cnico o Superior &nbsp;<\/span><\/li>\n<li><span style=\"font-size: 12pt; font-family: verdana, geneva;\">Desempe&ntilde;arse en el Sistema Educativo<\/span><\/li>\n<li><span style=\"font-size: 12pt; font-family: verdana, geneva;\">o con desempe&ntilde;o en el Sistema Educativo en los ultimo 5 a&ntilde;os<\/span><\/li>\n<\/ul>\n<div><span style=\"font-size: 12pt; font-family: verdana, geneva;\">Documentaci&oacute;n a presentar:<\/span><\/div>\n<\/div>\n<div>\n<ul>\n<li><span style=\"font-size: 12pt; font-family: verdana, geneva;\">Planilla de Inscripci&oacute;n<\/span><\/li>\n<li><span style=\"font-size: 12pt; font-family: verdana, geneva;\">1 foto 4&#215;4<\/span><\/li>\n<li><span style=\"font-size: 12pt; font-family: verdana, geneva;\">fotocopia de DNI<\/span><\/li>\n<li><span style=\"font-size: 12pt; font-family: verdana, geneva;\">Fotocopia de Titulo<\/span><\/li>\n<li><span style=\"font-size: 12pt; font-family: verdana, geneva;\">Certificado de buena salud<\/span><\/li>\n<li><span style=\"font-size: 12pt; font-family: verdana, geneva;\">Certificado de desempe&ntilde;o<\/span><\/li>\n<\/ul>\n<\/div>\n<\/div><\/p>\n","protected":false},"excerpt":{"rendered":"<p>Inscripci\u00f3n Tramo de Formaci\u00f3n Pedag\u00f3gica Se informa que a partir del lunes 6 de junio al viernes 17 de junio se encontrara abierta la inscripci&oacute;n para el Tramo de Formaci&oacute;n Pedag&oacute;gica para el nivel Medio en el I.S.F.D. N&deg;16 \u00abJuana Paula Manso\u00bb de lunes a viernes de 8:00 a 12:00 hs. Requisitos para la inscripci&oacute;n: &#8230; <a title=\"Inscripci\u00f3n Tramo de Formaci\u00f3n Pedag\u00f3gica\" class=\"read-more\" href=\"https:\/\/isfd16-bue.infd.edu.ar\/sitio\/inscripcion-tramo-de-formacion-pedagogica\/\" aria-label=\"More on Inscripci\u00f3n Tramo de Formaci\u00f3n Pedag\u00f3gica\">[+]<\/a><\/p>\n","protected":false},"author":1091,"featured_media":0,"comment_status":"open","ping_status":"open","sticky":false,"template":"","format":"standard","meta":[],"categories":[18,17],"tags":[],"acf":[],"_links":{"self":[{"href":"https:\/\/isfd16-bue.infd.edu.ar\/sitio\/wp-json\/wp\/v2\/posts\/904"}],"collection":[{"href":"https:\/\/isfd16-bue.infd.edu.ar\/sitio\/wp-json\/wp\/v2\/posts"}],"about":[{"href":"https:\/\/isfd16-bue.infd.edu.ar\/sitio\/wp-json\/wp\/v2\/types\/post"}],"author":[{"embeddable":true,"href":"https:\/\/isfd16-bue.infd.edu.ar\/sitio\/wp-json\/wp\/v2\/users\/1091"}],"replies":[{"embeddable":true,"href":"https:\/\/isfd16-bue.infd.edu.ar\/sitio\/wp-json\/wp\/v2\/comments?post=904"}],"version-history":[{"count":0,"href":"https:\/\/isfd16-bue.infd.edu.ar\/sitio\/wp-json\/wp\/v2\/posts\/904\/revisions"}],"wp:attachment":[{"href":"https:\/\/isfd16-bue.infd.edu.ar\/sitio\/wp-json\/wp\/v2\/media?parent=904"}],"wp:term":[{"taxonomy":"category","embeddable":true,"href":"https:\/\/isfd16-bue.infd.edu.ar\/sitio\/wp-json\/wp\/v2\/categories?post=904"},{"taxonomy":"post_tag","embeddable":true,"href":"https:\/\/isfd16-bue.infd.edu.ar\/sitio\/wp-json\/wp\/v2\/tags?post=904"}],"curies":[{"name":"wp","href":"https:\/\/api.w.org\/{rel}","templated":true}]}}