{"id":887,"date":"2016-03-10T00:00:00","date_gmt":"2016-03-10T00:00:00","guid":{"rendered":"https:\/\/isfd16-bue.infd.edu.ar\/sitio\/taller-teorico-vivencial-neurociencias-biodanza-y-educacion-biocentrica\/"},"modified":"2016-03-10T00:00:00","modified_gmt":"2016-03-10T00:00:00","slug":"taller-teorico-vivencial-neurociencias-biodanza-y-educacion-biocentrica","status":"publish","type":"post","link":"https:\/\/isfd16-bue.infd.edu.ar\/sitio\/taller-teorico-vivencial-neurociencias-biodanza-y-educacion-biocentrica\/","title":{"rendered":"Taller te\u00f3rico- vivencial: Neurociencias, Biodanza y Educaci\u00f3n Bioc\u00e9ntrica:"},"content":{"rendered":"<p class=\"sitio_noticia_volanta\" >\n<h3>Taller te\u00f3rico- vivencial: Neurociencias, Biodanza y Educaci\u00f3n Bioc\u00e9ntrica: <\/h3>\n<p class=\"sitio_noticia_copete\" >\n<hr class=\"sitio_noticia_contenido\" \/>\n<p >\n<div>\n<p><span style=\"text-decoration: underline; font-size: 12pt; font-family: verdana, geneva;\">Taller te&oacute;rico- vivencial:<\/span><\/p>\n<p><span style=\"font-size: 12pt; font-family: verdana, geneva;\">Neurociencias, Biodanza y Educaci&oacute;n Bioc&eacute;ntrica: nuevas miradas para una pedagog&iacute;a de la afectividad.<\/span><\/p>\n<p><span style=\"font-size: 12pt; font-family: verdana, geneva;\">&nbsp;<\/span><\/p>\n<div>\n<p><span style=\"font-size: 12pt; font-family: verdana, geneva;\"><strong><span style=\"text-decoration: underline;\">Fecha:<\/span><\/strong> S&aacute;bado, 12 de Marzo de 2016<\/span><\/p>\n<p><span style=\"font-size: 12pt; font-family: verdana, geneva;\"><strong><span style=\"text-decoration: underline;\">Lugar:<\/span><\/strong> SUM del ISFD N&ordm; 16<\/span><\/p>\n<p><span style=\"font-size: 12pt; font-family: verdana, geneva;\"><strong><span style=\"text-decoration: underline;\">Facilita:<\/span><\/strong>Prof. Paula Darwich<\/span><\/p>\n<p><span style=\"font-size: 12pt; font-family: verdana, geneva;\">&nbsp; <span style=\"text-decoration: underline;\">CRONOGRAMA <\/span><\/span><\/p>\n<p><span style=\"font-size: 12pt; font-family: verdana, geneva;\">Inicio: 10hs<\/span><\/p>\n<p>&nbsp; <span style=\"font-family: verdana, geneva; font-size: 12pt;\">-Presentaci&oacute;n.<\/span><\/p>\n<p><span style=\"font-family: verdana, geneva; font-size: 12pt;\">&nbsp; -Introducci&oacute;n te&oacute;rico-pr&aacute;ctica a la Educaci&oacute;n Bioc&eacute;ntrica.<\/span><\/p>\n<p><span style=\"font-family: verdana, geneva; font-size: 12pt;\">&nbsp;&nbsp;&nbsp; Bases neurocient&iacute;ficas del aprendizaje: educaci&oacute;n emocional, inteligencia afectiva.<\/span><\/p>\n<p><span style=\"font-family: verdana, geneva; font-size: 12pt;\">Corte-descanso: 12-12:20hs<\/span><\/p>\n<p><span style=\"font-family: verdana, geneva; font-size: 12pt;\">&nbsp; -Vivencia de Biodanza<\/span><\/p>\n<p><span style=\"font-family: verdana, geneva; font-size: 12pt;\">&nbsp; -Integraci&oacute;n y Cierre del taller.<\/span><\/p>\n<p><span style=\"font-family: verdana, geneva; font-size: 12pt;\">Finalizaci&oacute;n: 14hs<\/span><\/p>\n<\/div>\n<p>&nbsp;<img decoding=\"async\" loading=\"lazy\" border=\"0\" width=\"504\" height=\"252\" alt=\"Resultado de imagen para imagenes de biodanza\" src=\"http:\/\/isfd16.bue.infd.edu.ar\/sitio\/upload\/img\/2oTEytBuiwrYGimagen_incrustada1.jpg\"><\/p>\n<\/div>\n","protected":false},"excerpt":{"rendered":"<p>Taller te\u00f3rico- vivencial: Neurociencias, Biodanza y Educaci\u00f3n Bioc\u00e9ntrica: Taller te&oacute;rico- vivencial: Neurociencias, Biodanza y Educaci&oacute;n Bioc&eacute;ntrica: nuevas miradas para una pedagog&iacute;a de la afectividad. &nbsp; Fecha: S&aacute;bado, 12 de Marzo de 2016 Lugar: SUM del ISFD N&ordm; 16 Facilita:Prof. Paula Darwich &nbsp; CRONOGRAMA Inicio: 10hs &nbsp; -Presentaci&oacute;n. &nbsp; -Introducci&oacute;n te&oacute;rico-pr&aacute;ctica a la Educaci&oacute;n Bioc&eacute;ntrica. &nbsp;&nbsp;&nbsp; &#8230; <a title=\"Taller te\u00f3rico- vivencial: Neurociencias, Biodanza y Educaci\u00f3n Bioc\u00e9ntrica:\" class=\"read-more\" href=\"https:\/\/isfd16-bue.infd.edu.ar\/sitio\/taller-teorico-vivencial-neurociencias-biodanza-y-educacion-biocentrica\/\" aria-label=\"More on Taller te\u00f3rico- vivencial: Neurociencias, Biodanza y Educaci\u00f3n Bioc\u00e9ntrica:\">[+]<\/a><\/p>\n","protected":false},"author":1091,"featured_media":0,"comment_status":"open","ping_status":"open","sticky":false,"template":"","format":"standard","meta":[],"categories":[18,17],"tags":[],"acf":[],"_links":{"self":[{"href":"https:\/\/isfd16-bue.infd.edu.ar\/sitio\/wp-json\/wp\/v2\/posts\/887"}],"collection":[{"href":"https:\/\/isfd16-bue.infd.edu.ar\/sitio\/wp-json\/wp\/v2\/posts"}],"about":[{"href":"https:\/\/isfd16-bue.infd.edu.ar\/sitio\/wp-json\/wp\/v2\/types\/post"}],"author":[{"embeddable":true,"href":"https:\/\/isfd16-bue.infd.edu.ar\/sitio\/wp-json\/wp\/v2\/users\/1091"}],"replies":[{"embeddable":true,"href":"https:\/\/isfd16-bue.infd.edu.ar\/sitio\/wp-json\/wp\/v2\/comments?post=887"}],"version-history":[{"count":0,"href":"https:\/\/isfd16-bue.infd.edu.ar\/sitio\/wp-json\/wp\/v2\/posts\/887\/revisions"}],"wp:attachment":[{"href":"https:\/\/isfd16-bue.infd.edu.ar\/sitio\/wp-json\/wp\/v2\/media?parent=887"}],"wp:term":[{"taxonomy":"category","embeddable":true,"href":"https:\/\/isfd16-bue.infd.edu.ar\/sitio\/wp-json\/wp\/v2\/categories?post=887"},{"taxonomy":"post_tag","embeddable":true,"href":"https:\/\/isfd16-bue.infd.edu.ar\/sitio\/wp-json\/wp\/v2\/tags?post=887"}],"curies":[{"name":"wp","href":"https:\/\/api.w.org\/{rel}","templated":true}]}}